{"id":788,"date":"2024-06-24T05:05:35","date_gmt":"2024-06-24T04:05:35","guid":{"rendered":"https:\/\/burgen-manderscheid.de\/?p=788"},"modified":"2024-10-15T10:18:56","modified_gmt":"2024-10-15T09:18:56","slug":"historisches-burgenfest-manderscheid-2024-2","status":"publish","type":"post","link":"https:\/\/burgen-manderscheid.de\/?p=788","title":{"rendered":"Historisches Burgenfest Manderscheid 2024"},"content":{"rendered":"\n<p>Auch dieses Jahr freuen uns wieder auf unser historisches Burgenfest. Am letzten Wochenende im August (24. und 25. August) erwacht das Mittelalter in Manderscheid zum Leben.<\/p>\n\n\n\n<p>Das gro\u00dfe Ritterturnier, Gaukler und Spielleute, ein reichhaltiges Kinderprogramm, die Niederburg in Flammen, Tavernenspektakel, Handwerkermarkt, das gro\u00dfe Ritterlager und zum kr\u00f6nenden Abschluss der gro\u00dfe Zapfenstreich locken schon seit Jahren Gro\u00df und Klein auf die Niederburg und die Turnierwiese.<\/p>\n\n\n\n<figure class=\"wp-block-image size-large\"><img loading=\"lazy\" decoding=\"async\" width=\"1024\" height=\"757\" src=\"https:\/\/burgen-manderscheid.de\/wp-content\/uploads\/2024_06_13_BV_Banner_Sponsoren_website-ori-1024x757.jpg\" alt=\"\" class=\"wp-image-797\" srcset=\"https:\/\/burgen-manderscheid.de\/wp-content\/uploads\/2024_06_13_BV_Banner_Sponsoren_website-ori-1024x757.jpg 1024w, https:\/\/burgen-manderscheid.de\/wp-content\/uploads\/2024_06_13_BV_Banner_Sponsoren_website-ori-300x222.jpg 300w, https:\/\/burgen-manderscheid.de\/wp-content\/uploads\/2024_06_13_BV_Banner_Sponsoren_website-ori-768x568.jpg 768w, https:\/\/burgen-manderscheid.de\/wp-content\/uploads\/2024_06_13_BV_Banner_Sponsoren_website-ori-1536x1136.jpg 1536w, https:\/\/burgen-manderscheid.de\/wp-content\/uploads\/2024_06_13_BV_Banner_Sponsoren_website-ori-1600x1183.jpg 1600w, https:\/\/burgen-manderscheid.de\/wp-content\/uploads\/2024_06_13_BV_Banner_Sponsoren_website-ori.jpg 1920w\" sizes=\"auto, (max-width: 1024px) 100vw, 1024px\" \/><\/figure>\n\n\n\n<div class=\"wp-block-columns is-layout-flex wp-container-core-columns-is-layout-9d6595d7 wp-block-columns-is-layout-flex\">\n<div class=\"wp-block-column is-layout-flow wp-block-column-is-layout-flow\" style=\"flex-basis:100%\">\n<div class=\"wp-block-columns is-layout-flex wp-container-core-columns-is-layout-9d6595d7 wp-block-columns-is-layout-flex\">\n<div class=\"wp-block-column is-layout-flow wp-block-column-is-layout-flow\" style=\"flex-basis:100%\">\n<div class=\"wp-block-columns is-layout-flex wp-container-core-columns-is-layout-9d6595d7 wp-block-columns-is-layout-flex\">\n<div class=\"wp-block-column is-layout-flow wp-block-column-is-layout-flow\" style=\"flex-basis:100%\">\n<div class=\"wp-block-columns is-layout-flex wp-container-core-columns-is-layout-9d6595d7 wp-block-columns-is-layout-flex\">\n<div class=\"wp-block-column is-layout-flow wp-block-column-is-layout-flow\" style=\"flex-basis:100%\">\n<figure class=\"wp-block-table\"><table><tbody><tr><td><strong>Wegezoll 2024\u2005\/\u2005Familienfreundliche Eintrittspreise<\/strong><\/td><\/tr><tr><td><strong>Wochenendticket<\/strong> (nur an der Hauptkasse erh\u00e4ltlich)<\/td><td class=\"has-text-align-center\" data-align=\"center\">&nbsp;<\/td><td class=\"has-text-align-center\" data-align=\"center\">gewandet*<\/td><\/tr><tr><td>Kinder und Jugendliche (9 bis 17 Jahre)<\/td><td class=\"has-text-align-center\" data-align=\"center\">10,00<\/td><td class=\"has-text-align-center\" data-align=\"center\">7,00<\/td><\/tr><tr><td>Erwachsene<\/td><td class=\"has-text-align-center\" data-align=\"center\">20,00<\/td><td class=\"has-text-align-center\" data-align=\"center\">15,00<\/td><\/tr><tr><td>Familie<\/td><td class=\"has-text-align-center\" data-align=\"center\">60,00<\/td><td class=\"has-text-align-center\" data-align=\"center\">50,00<\/td><\/tr><tr><td><strong>Abendticket (Samstag ab 21 Uhr)<\/strong><\/td><td class=\"has-text-align-center\" data-align=\"center\"><strong>&nbsp;5,00<\/strong><\/td><td class=\"has-text-align-center\" data-align=\"center\"><\/td><\/tr><tr><td><strong>Tagesticket<\/strong><\/td><\/tr><tr><td>Familienkarte<\/td><td class=\"has-text-align-center\" data-align=\"center\">35,00<\/td><td class=\"has-text-align-center\" data-align=\"center\">30,00<\/td><\/tr><tr><td>Kinder unter Schwertl\u00e4nge**<\/td><td class=\"has-text-align-center\" data-align=\"center\">frei<\/td><td class=\"has-text-align-center\" data-align=\"center\"><\/td><\/tr><tr><td>Kinder \u00fcber Schwertl\u00e4nge**<\/td><td class=\"has-text-align-center\" data-align=\"center\">8,00<\/td><td class=\"has-text-align-center\" data-align=\"center\">5,00<\/td><\/tr><tr><td>Erwachsene<\/td><td class=\"has-text-align-center\" data-align=\"center\">15,00<\/td><td class=\"has-text-align-center\" data-align=\"center\">10,00<\/td><\/tr><tr><td>*Erm\u00e4\u00dfigung f\u00fcr gewandete Festbesucher nur an der Tageskasse<\/td><td class=\"has-text-align-center\" data-align=\"center\">&nbsp;<\/td><td class=\"has-text-align-center\" data-align=\"center\"><\/td><\/tr><\/tbody><\/table><figcaption class=\"wp-element-caption\">*erm\u00e4\u00dfigte Preise f\u00fcr Gewandete, Erm\u00e4\u00dfigung f\u00fcr Menschen mit Einschr\u00e4nkungen ab 80% ausschlie\u00dflich an der Hauptkasse.<br>**Schwertl\u00e4nge: 1,40<br><\/figcaption><\/figure>\n<\/div>\n<\/div>\n<\/div>\n<\/div>\n<\/div>\n<\/div>\n<\/div>\n<\/div>\n\n\n\n<p><strong>Vorverkauf<\/strong><br>Bei allen Vorverkaufsstellen von Ticket &#8211; Regional oder unter<br><a href=\"https:\/\/www.ticket-regional.de\/\">www.ticket-regional.de<\/a><\/p>\n\n\n\n<p><strong>Kostenloser Bustransfer und Park\u2005&amp;\u2005Ride Service<\/strong> <br>(\u00c4nderungen sind m\u00f6gich und werden hier zeitnah ver\u00f6ffentlicht)<\/p>\n\n\n\n<ul class=\"wp-block-list\">\n<li>Parken innerhalb Manderscheids und auf den<br>ausgewiesenen Parkpl\u00e4tzen am Ortsrand von Pantenburg (geb\u00fchrenpflichtig)<\/li>\n\n\n\n<li>kostenloser Bustransfer zur Niederburg mit Turnierplatz und zur\u00fcck<\/li>\n\n\n\n<li>Abfahrt der Busse: alle 15 Minuten<\/li>\n\n\n\n<li>Samstag von 10.00 Uhr bis 1.00 Uhr<\/li>\n\n\n\n<li>Sonntag von 9.30 Uhr bis 21.00 Uhr<\/li>\n<\/ul>\n\n\n\n<p>Das detaillierte Programm zur Veranstaltung am Samstag k\u00f6nnen Sie <a href=\"https:\/\/burgen-manderscheid.de\/wp-content\/uploads\/2024_06_22_BV_Programm_2022_2-002.jpg\" target=\"_blank\" rel=\"noreferrer noopener\">hier<\/a> laden, das Programm f\u00fcr Sonntag finden Sie <a href=\"https:\/\/burgen-manderscheid.de\/wp-content\/uploads\/2024_06_22_BV_Programm_2022_1-002.jpg\">hier<\/a>.<\/p>\n\n\n\n<p><\/p>\n","protected":false},"excerpt":{"rendered":"<p>Auch dieses Jahr freuen uns wieder auf unser historisches Burgenfest. Am letzten Wochenende im August (24. und 25. August) erwacht&hellip;<\/p>\n","protected":false},"author":4,"featured_media":790,"comment_status":"open","ping_status":"open","sticky":false,"template":"","format":"standard","meta":{"ngg_post_thumbnail":0,"_EventAllDay":false,"_EventTimezone":"","_EventStartDate":"","_EventEndDate":"","_EventStartDateUTC":"","_EventEndDateUTC":"","_EventShowMap":false,"_EventShowMapLink":false,"_EventURL":"","_EventCost":"","_EventCostDescription":"","_EventCurrencySymbol":"","_EventCurrencyCode":"","_EventCurrencyPosition":"","_EventDateTimeSeparator":"","_EventTimeRangeSeparator":"","_EventOrganizerID":[],"_EventVenueID":[],"_OrganizerEmail":"","_OrganizerPhone":"","_OrganizerWebsite":"","_VenueAddress":"","_VenueCity":"","_VenueCountry":"","_VenueProvince":"","_VenueState":"","_VenueZip":"","_VenuePhone":"","_VenueURL":"","_VenueStateProvince":"","_VenueLat":"","_VenueLng":"","_VenueShowMap":false,"_VenueShowMapLink":false,"_jetpack_memberships_contains_paid_content":false,"footnotes":"","jetpack_publicize_message":"","jetpack_publicize_feature_enabled":true,"jetpack_social_post_already_shared":true,"jetpack_social_options":{"image_generator_settings":{"template":"highway","default_image_id":0,"font":"","enabled":false},"version":2}},"categories":[1,22,21],"tags":[],"class_list":["post-788","post","type-post","status-publish","format-standard","has-post-thumbnail","hentry","category-burgen-manderscheid","category-burgenfest","category-veranstaltungen"],"jetpack_publicize_connections":[],"jetpack_featured_media_url":"https:\/\/burgen-manderscheid.de\/wp-content\/uploads\/2024_06_22_BV_Burgenfest_Plakat-002.jpg","jetpack_sharing_enabled":true,"_links":{"self":[{"href":"https:\/\/burgen-manderscheid.de\/index.php?rest_route=\/wp\/v2\/posts\/788","targetHints":{"allow":["GET"]}}],"collection":[{"href":"https:\/\/burgen-manderscheid.de\/index.php?rest_route=\/wp\/v2\/posts"}],"about":[{"href":"https:\/\/burgen-manderscheid.de\/index.php?rest_route=\/wp\/v2\/types\/post"}],"author":[{"embeddable":true,"href":"https:\/\/burgen-manderscheid.de\/index.php?rest_route=\/wp\/v2\/users\/4"}],"replies":[{"embeddable":true,"href":"https:\/\/burgen-manderscheid.de\/index.php?rest_route=%2Fwp%2Fv2%2Fcomments&post=788"}],"version-history":[{"count":6,"href":"https:\/\/burgen-manderscheid.de\/index.php?rest_route=\/wp\/v2\/posts\/788\/revisions"}],"predecessor-version":[{"id":800,"href":"https:\/\/burgen-manderscheid.de\/index.php?rest_route=\/wp\/v2\/posts\/788\/revisions\/800"}],"wp:featuredmedia":[{"embeddable":true,"href":"https:\/\/burgen-manderscheid.de\/index.php?rest_route=\/wp\/v2\/media\/790"}],"wp:attachment":[{"href":"https:\/\/burgen-manderscheid.de\/index.php?rest_route=%2Fwp%2Fv2%2Fmedia&parent=788"}],"wp:term":[{"taxonomy":"category","embeddable":true,"href":"https:\/\/burgen-manderscheid.de\/index.php?rest_route=%2Fwp%2Fv2%2Fcategories&post=788"},{"taxonomy":"post_tag","embeddable":true,"href":"https:\/\/burgen-manderscheid.de\/index.php?rest_route=%2Fwp%2Fv2%2Ftags&post=788"}],"curies":[{"name":"wp","href":"https:\/\/api.w.org\/{rel}","templated":true}]}}